{"id":215,"date":"2017-08-27T23:07:52","date_gmt":"2017-08-27T21:07:52","guid":{"rendered":"http:\/\/www.ordo-sancti-viti.hr\/?p=215"},"modified":"2017-09-13T23:16:04","modified_gmt":"2017-09-13T21:16:04","slug":"renesansni-festival-koprivnica","status":"publish","type":"post","link":"http:\/\/www.ordo-sancti-viti.hr\/index.php\/2017\/08\/27\/renesansni-festival-koprivnica\/","title":{"rendered":"Renesansni festival Koprivnica"},"content":{"rendered":"<p>Renesansni festival u Koprivnici najve\u0107i je takve vrste u Hrvatskoj. Na velikoj povr\u0161ini smjestilo se mnogo obrtnika i zanatlija, trgovaca i zabavlja\u010da no ponajvi\u0161e vite\u0161kih skupina iz cijele Europe. Ordo sancti Viti ove je godine do\u0161ao u najve\u0107em broju. Kralj nas je primio u svoju slu\u017ebu te smo pomogli obraniti grad od njegovih neprijatelja. Manifestacija je trajala od 24. do 27. kolovoza.<\/p>\n<p><a href=\"http:\/\/www.ordo-sancti-viti.hr\/wp-content\/uploads\/2017\/09\/Koprivnica2017_01.jpg\"><img loading=\"lazy\" decoding=\"async\" class=\"alignnone size-thumbnail wp-image-216\" src=\"http:\/\/www.ordo-sancti-viti.hr\/wp-content\/uploads\/2017\/09\/Koprivnica2017_01-150x150.jpg\" alt=\"\" width=\"150\" height=\"150\" srcset=\"http:\/\/www.ordo-sancti-viti.hr\/wp-content\/uploads\/2017\/09\/Koprivnica2017_01-150x150.jpg 150w, http:\/\/www.ordo-sancti-viti.hr\/wp-content\/uploads\/2017\/09\/Koprivnica2017_01-100x100.jpg 100w\" sizes=\"auto, (max-width: 150px) 100vw, 150px\" \/><\/a> <a href=\"http:\/\/www.ordo-sancti-viti.hr\/wp-content\/uploads\/2017\/09\/Koprivnica2017_02.jpg\"><img loading=\"lazy\" decoding=\"async\" class=\"alignnone size-thumbnail wp-image-217\" src=\"http:\/\/www.ordo-sancti-viti.hr\/wp-content\/uploads\/2017\/09\/Koprivnica2017_02-150x150.jpg\" alt=\"\" width=\"150\" height=\"150\" srcset=\"http:\/\/www.ordo-sancti-viti.hr\/wp-content\/uploads\/2017\/09\/Koprivnica2017_02-150x150.jpg 150w, http:\/\/www.ordo-sancti-viti.hr\/wp-content\/uploads\/2017\/09\/Koprivnica2017_02-100x100.jpg 100w\" sizes=\"auto, (max-width: 150px) 100vw, 150px\" \/><\/a> <a href=\"http:\/\/www.ordo-sancti-viti.hr\/wp-content\/uploads\/2017\/09\/Koprivnica2017_02a.jpg\"><img loading=\"lazy\" decoding=\"async\" class=\"alignnone size-thumbnail wp-image-218\" src=\"http:\/\/www.ordo-sancti-viti.hr\/wp-content\/uploads\/2017\/09\/Koprivnica2017_02a-150x150.jpg\" alt=\"\" width=\"150\" height=\"150\" srcset=\"http:\/\/www.ordo-sancti-viti.hr\/wp-content\/uploads\/2017\/09\/Koprivnica2017_02a-150x150.jpg 150w, http:\/\/www.ordo-sancti-viti.hr\/wp-content\/uploads\/2017\/09\/Koprivnica2017_02a-100x100.jpg 100w\" sizes=\"auto, (max-width: 150px) 100vw, 150px\" \/><\/a> <a href=\"http:\/\/www.ordo-sancti-viti.hr\/wp-content\/uploads\/2017\/09\/Koprivnica2017_02b.jpg\"><img loading=\"lazy\" decoding=\"async\" class=\"alignnone size-thumbnail wp-image-219\" src=\"http:\/\/www.ordo-sancti-viti.hr\/wp-content\/uploads\/2017\/09\/Koprivnica2017_02b-150x150.jpg\" alt=\"\" width=\"150\" height=\"150\" srcset=\"http:\/\/www.ordo-sancti-viti.hr\/wp-content\/uploads\/2017\/09\/Koprivnica2017_02b-150x150.jpg 150w, http:\/\/www.ordo-sancti-viti.hr\/wp-content\/uploads\/2017\/09\/Koprivnica2017_02b-100x100.jpg 100w\" sizes=\"auto, (max-width: 150px) 100vw, 150px\" \/><\/a> <a href=\"http:\/\/www.ordo-sancti-viti.hr\/wp-content\/uploads\/2017\/09\/Koprivnica2017_03.jpg\"><img loading=\"lazy\" decoding=\"async\" class=\"alignnone size-thumbnail wp-image-220\" src=\"http:\/\/www.ordo-sancti-viti.hr\/wp-content\/uploads\/2017\/09\/Koprivnica2017_03-150x150.jpg\" alt=\"\" width=\"150\" height=\"150\" srcset=\"http:\/\/www.ordo-sancti-viti.hr\/wp-content\/uploads\/2017\/09\/Koprivnica2017_03-150x150.jpg 150w, http:\/\/www.ordo-sancti-viti.hr\/wp-content\/uploads\/2017\/09\/Koprivnica2017_03-100x100.jpg 100w\" sizes=\"auto, (max-width: 150px) 100vw, 150px\" \/><\/a> <a href=\"http:\/\/www.ordo-sancti-viti.hr\/wp-content\/uploads\/2017\/09\/Koprivnica2017_04.jpg\"><img loading=\"lazy\" decoding=\"async\" class=\"alignnone size-thumbnail wp-image-221\" src=\"http:\/\/www.ordo-sancti-viti.hr\/wp-content\/uploads\/2017\/09\/Koprivnica2017_04-150x150.jpg\" alt=\"\" width=\"150\" height=\"150\" srcset=\"http:\/\/www.ordo-sancti-viti.hr\/wp-content\/uploads\/2017\/09\/Koprivnica2017_04-150x150.jpg 150w, http:\/\/www.ordo-sancti-viti.hr\/wp-content\/uploads\/2017\/09\/Koprivnica2017_04-100x100.jpg 100w\" sizes=\"auto, (max-width: 150px) 100vw, 150px\" \/><\/a> <a href=\"http:\/\/www.ordo-sancti-viti.hr\/wp-content\/uploads\/2017\/09\/Koprivnica2017_05.jpg\"><img loading=\"lazy\" decoding=\"async\" class=\"alignnone size-thumbnail wp-image-222\" src=\"http:\/\/www.ordo-sancti-viti.hr\/wp-content\/uploads\/2017\/09\/Koprivnica2017_05-150x150.jpg\" alt=\"\" width=\"150\" height=\"150\" srcset=\"http:\/\/www.ordo-sancti-viti.hr\/wp-content\/uploads\/2017\/09\/Koprivnica2017_05-150x150.jpg 150w, http:\/\/www.ordo-sancti-viti.hr\/wp-content\/uploads\/2017\/09\/Koprivnica2017_05-100x100.jpg 100w\" sizes=\"auto, (max-width: 150px) 100vw, 150px\" \/><\/a> <a href=\"http:\/\/www.ordo-sancti-viti.hr\/wp-content\/uploads\/2017\/09\/Koprivnica2017_06.jpg\"><img loading=\"lazy\" decoding=\"async\" class=\"alignnone size-thumbnail wp-image-223\" src=\"http:\/\/www.ordo-sancti-viti.hr\/wp-content\/uploads\/2017\/09\/Koprivnica2017_06-150x150.jpg\" alt=\"\" width=\"150\" height=\"150\" srcset=\"http:\/\/www.ordo-sancti-viti.hr\/wp-content\/uploads\/2017\/09\/Koprivnica2017_06-150x150.jpg 150w, http:\/\/www.ordo-sancti-viti.hr\/wp-content\/uploads\/2017\/09\/Koprivnica2017_06-100x100.jpg 100w\" sizes=\"auto, (max-width: 150px) 100vw, 150px\" \/><\/a><\/p>\n","protected":false},"excerpt":{"rendered":"<p>Renesansni festival u Koprivnici najve\u0107i je takve vrste u Hrvatskoj. Na velikoj povr\u0161ini smjestilo se mnogo obrtnika i zanatlija, trgovaca i zabavlja\u010da no ponajvi\u0161e vite\u0161kih skupina iz cijele Europe. Ordo sancti Viti ove je godine do\u0161ao u najve\u0107em broju. Kralj nas je primio u svoju slu\u017ebu te smo pomogli obraniti grad od njegovih neprijatelja. Manifestacija &hellip; <\/p>\n<p class=\"link-more\"><a href=\"http:\/\/www.ordo-sancti-viti.hr\/index.php\/2017\/08\/27\/renesansni-festival-koprivnica\/\" class=\"more-link\">Nastavi \u010ditati<span class=\"screen-reader-text\"> &#8220;Renesansni festival Koprivnica&#8221;<\/span><\/a><\/p>\n","protected":false},"author":1,"featured_media":0,"comment_status":"open","ping_status":"open","sticky":false,"template":"","format":"gallery","meta":{"footnotes":""},"categories":[7,4],"tags":[31,30,20,14,32,16],"class_list":["post-215","post","type-post","status-publish","format-gallery","hentry","category-galerija","category-objave","tag-kopriva","tag-koprivnica","tag-ordo-sancti-viti","tag-red-svetog-vida","tag-renesansni-festival","tag-srednji-vijek","post_format-post-format-gallery"],"jetpack_featured_media_url":"","_links":{"self":[{"href":"http:\/\/www.ordo-sancti-viti.hr\/index.php\/wp-json\/wp\/v2\/posts\/215","targetHints":{"allow":["GET"]}}],"collection":[{"href":"http:\/\/www.ordo-sancti-viti.hr\/index.php\/wp-json\/wp\/v2\/posts"}],"about":[{"href":"http:\/\/www.ordo-sancti-viti.hr\/index.php\/wp-json\/wp\/v2\/types\/post"}],"author":[{"embeddable":true,"href":"http:\/\/www.ordo-sancti-viti.hr\/index.php\/wp-json\/wp\/v2\/users\/1"}],"replies":[{"embeddable":true,"href":"http:\/\/www.ordo-sancti-viti.hr\/index.php\/wp-json\/wp\/v2\/comments?post=215"}],"version-history":[{"count":1,"href":"http:\/\/www.ordo-sancti-viti.hr\/index.php\/wp-json\/wp\/v2\/posts\/215\/revisions"}],"predecessor-version":[{"id":224,"href":"http:\/\/www.ordo-sancti-viti.hr\/index.php\/wp-json\/wp\/v2\/posts\/215\/revisions\/224"}],"wp:attachment":[{"href":"http:\/\/www.ordo-sancti-viti.hr\/index.php\/wp-json\/wp\/v2\/media?parent=215"}],"wp:term":[{"taxonomy":"category","embeddable":true,"href":"http:\/\/www.ordo-sancti-viti.hr\/index.php\/wp-json\/wp\/v2\/categories?post=215"},{"taxonomy":"post_tag","embeddable":true,"href":"http:\/\/www.ordo-sancti-viti.hr\/index.php\/wp-json\/wp\/v2\/tags?post=215"}],"curies":[{"name":"wp","href":"https:\/\/api.w.org\/{rel}","templated":true}]}}