{"id":169,"date":"2017-04-23T20:46:53","date_gmt":"2017-04-23T18:46:53","guid":{"rendered":"http:\/\/www.ordo-sancti-viti.hr\/?p=169"},"modified":"2017-09-13T21:25:43","modified_gmt":"2017-09-13T19:25:43","slug":"povratak-frankopana","status":"publish","type":"post","link":"http:\/\/www.ordo-sancti-viti.hr\/index.php\/2017\/04\/23\/povratak-frankopana\/","title":{"rendered":"Povratak Frankopana"},"content":{"rendered":"<p>Nezadovoljni ma\u0111arskim upravljanjem i nikakvim pripremama za mogu\u0107i prodor Turaka na na\u0161e podru\u010dje, Frankopani\u00a0 se g<!-- (C)2000-2015 Gemius SA - gemiusAudience \/ novilist \/ portal novilist.hr --><!-- Style --><!-- [if IE 7]>\n \t<link rel=\"stylesheet\" type=\"text\/css\" href=\"\/bundles\/novilist\/css\/novilist-IE7.css\" \/>\n<![endif]--><!-- [if IE 6]>\n \t<link rel=\"stylesheet\" type=\"text\/css\" href=\"\/bundles\/novilist\/css\/novilist-IE6.css\" \/>\n<![endif]--><!-- gtag start --><!-- gtag end -->odine gospodnje 1485. vra\u0107aju na Trsat. Frankopanska garda Kluba prijatelja Grada Trsata, vite\u0161ki Red svetog Vida\u00a0 &#8220;Ordo sancti Viti&#8221;, Kr\u010dki knezovi Frankopani, Frankopanska garda Ogulin, Rapski samostreli\u010dari, Bakarska stra\u017ea, SK Rijeka, SK Maura Kal, Red vitezova sv. Nikole, Konji\u010dki klub i mnogi drugi okupili su se kako bi prikazali ovu povijesnu bitku za Trsatsku gradinu.<\/p>\n<p>22. travnja 2017. godine odr\u017eana je po prvi put manifestacija &#8220;Povratak Frankopana&#8221;. Kulturno povijesna manifestacija je po\u010dela mimohodom sudionika, konjanika, ko\u010dija, dvorskih dama i srednjovjekovnih trgovaca i obrtnika. U parku uz Trsatsku gradinu i na okolnim ulicama prire\u0111ena je replika srednjevjekovnog sajma, s kova\u010dima, tesarima i drugim zanatlijama, srednjevjekovnom kuhinjom, ru\u010dno pokretanim vrtuljkom za djecu i taborom sa \u0161atorima. Odr\u017eane su vite\u0161ke igre i turnir u ga\u0111anju samostrelima a tijekom popodneva ispred ulaza u trsatsku gradinu zapo\u010delo je uprizorenje povijesne bitke koju su organizirali \u010dlanovi Reda svetog Vida.<\/p>\n<p>&#8220;Povratak Frankopana&#8221; se odr\u017eao u sklopu tradicionalne manifestacije Dani Trsata, koje se prire\u0111uje povodom blagdana sv. Jurja, za\u0161titnika Trsata.<\/p>\n<p><a href=\"http:\/\/www.ordo-sancti-viti.hr\/wp-content\/uploads\/2017\/09\/trsat01.jpg\"><img loading=\"lazy\" decoding=\"async\" class=\"alignnone size-thumbnail wp-image-170\" src=\"http:\/\/www.ordo-sancti-viti.hr\/wp-content\/uploads\/2017\/09\/trsat01-150x150.jpg\" alt=\"\" width=\"150\" height=\"150\" srcset=\"http:\/\/www.ordo-sancti-viti.hr\/wp-content\/uploads\/2017\/09\/trsat01-150x150.jpg 150w, http:\/\/www.ordo-sancti-viti.hr\/wp-content\/uploads\/2017\/09\/trsat01-100x100.jpg 100w\" sizes=\"auto, (max-width: 150px) 100vw, 150px\" \/><\/a> <a href=\"http:\/\/www.ordo-sancti-viti.hr\/wp-content\/uploads\/2017\/09\/trsat02.jpg\"><img loading=\"lazy\" decoding=\"async\" class=\"alignnone size-thumbnail wp-image-171\" src=\"http:\/\/www.ordo-sancti-viti.hr\/wp-content\/uploads\/2017\/09\/trsat02-150x150.jpg\" alt=\"\" width=\"150\" height=\"150\" srcset=\"http:\/\/www.ordo-sancti-viti.hr\/wp-content\/uploads\/2017\/09\/trsat02-150x150.jpg 150w, http:\/\/www.ordo-sancti-viti.hr\/wp-content\/uploads\/2017\/09\/trsat02-100x100.jpg 100w\" sizes=\"auto, (max-width: 150px) 100vw, 150px\" \/><\/a> <a href=\"http:\/\/www.ordo-sancti-viti.hr\/wp-content\/uploads\/2017\/09\/trsat03.jpg\"><img loading=\"lazy\" decoding=\"async\" class=\"alignnone size-thumbnail wp-image-172\" src=\"http:\/\/www.ordo-sancti-viti.hr\/wp-content\/uploads\/2017\/09\/trsat03-150x150.jpg\" alt=\"\" width=\"150\" height=\"150\" srcset=\"http:\/\/www.ordo-sancti-viti.hr\/wp-content\/uploads\/2017\/09\/trsat03-150x150.jpg 150w, http:\/\/www.ordo-sancti-viti.hr\/wp-content\/uploads\/2017\/09\/trsat03-100x100.jpg 100w\" sizes=\"auto, (max-width: 150px) 100vw, 150px\" \/><\/a> <a href=\"http:\/\/www.ordo-sancti-viti.hr\/wp-content\/uploads\/2017\/09\/trsat04.jpg\"><img loading=\"lazy\" decoding=\"async\" class=\"alignnone size-thumbnail wp-image-173\" src=\"http:\/\/www.ordo-sancti-viti.hr\/wp-content\/uploads\/2017\/09\/trsat04-150x150.jpg\" alt=\"\" width=\"150\" height=\"150\" srcset=\"http:\/\/www.ordo-sancti-viti.hr\/wp-content\/uploads\/2017\/09\/trsat04-150x150.jpg 150w, http:\/\/www.ordo-sancti-viti.hr\/wp-content\/uploads\/2017\/09\/trsat04-100x100.jpg 100w\" sizes=\"auto, (max-width: 150px) 100vw, 150px\" \/><\/a> <a href=\"http:\/\/www.ordo-sancti-viti.hr\/wp-content\/uploads\/2017\/09\/trsat05.jpg\"><img loading=\"lazy\" decoding=\"async\" class=\"alignnone size-thumbnail wp-image-174\" src=\"http:\/\/www.ordo-sancti-viti.hr\/wp-content\/uploads\/2017\/09\/trsat05-150x150.jpg\" alt=\"\" width=\"150\" height=\"150\" srcset=\"http:\/\/www.ordo-sancti-viti.hr\/wp-content\/uploads\/2017\/09\/trsat05-150x150.jpg 150w, http:\/\/www.ordo-sancti-viti.hr\/wp-content\/uploads\/2017\/09\/trsat05-100x100.jpg 100w\" sizes=\"auto, (max-width: 150px) 100vw, 150px\" \/><\/a><\/p>\n","protected":false},"excerpt":{"rendered":"<p>Nezadovoljni ma\u0111arskim upravljanjem i nikakvim pripremama za mogu\u0107i prodor Turaka na na\u0161e podru\u010dje, Frankopani\u00a0 se godine gospodnje 1485. vra\u0107aju na Trsat. Frankopanska garda Kluba prijatelja Grada Trsata, vite\u0161ki Red svetog Vida\u00a0 &#8220;Ordo sancti Viti&#8221;, Kr\u010dki knezovi Frankopani, Frankopanska garda Ogulin, Rapski samostreli\u010dari, Bakarska stra\u017ea, SK Rijeka, SK Maura Kal, Red vitezova sv. Nikole, Konji\u010dki klub &hellip; <\/p>\n<p class=\"link-more\"><a href=\"http:\/\/www.ordo-sancti-viti.hr\/index.php\/2017\/04\/23\/povratak-frankopana\/\" class=\"more-link\">Nastavi \u010ditati<span class=\"screen-reader-text\"> &#8220;Povratak Frankopana&#8221;<\/span><\/a><\/p>\n","protected":false},"author":1,"featured_media":0,"comment_status":"open","ping_status":"open","sticky":false,"template":"","format":"gallery","meta":{"footnotes":""},"categories":[7,4],"tags":[17,15,13,14,16,12],"class_list":["post-169","post","type-post","status-publish","format-gallery","hentry","category-galerija","category-objave","tag-frankopani","tag-nugentov-park","tag-povratak-frankopana","tag-red-svetog-vida","tag-srednji-vijek","tag-trsat","post_format-post-format-gallery"],"jetpack_featured_media_url":"","_links":{"self":[{"href":"http:\/\/www.ordo-sancti-viti.hr\/index.php\/wp-json\/wp\/v2\/posts\/169","targetHints":{"allow":["GET"]}}],"collection":[{"href":"http:\/\/www.ordo-sancti-viti.hr\/index.php\/wp-json\/wp\/v2\/posts"}],"about":[{"href":"http:\/\/www.ordo-sancti-viti.hr\/index.php\/wp-json\/wp\/v2\/types\/post"}],"author":[{"embeddable":true,"href":"http:\/\/www.ordo-sancti-viti.hr\/index.php\/wp-json\/wp\/v2\/users\/1"}],"replies":[{"embeddable":true,"href":"http:\/\/www.ordo-sancti-viti.hr\/index.php\/wp-json\/wp\/v2\/comments?post=169"}],"version-history":[{"count":1,"href":"http:\/\/www.ordo-sancti-viti.hr\/index.php\/wp-json\/wp\/v2\/posts\/169\/revisions"}],"predecessor-version":[{"id":175,"href":"http:\/\/www.ordo-sancti-viti.hr\/index.php\/wp-json\/wp\/v2\/posts\/169\/revisions\/175"}],"wp:attachment":[{"href":"http:\/\/www.ordo-sancti-viti.hr\/index.php\/wp-json\/wp\/v2\/media?parent=169"}],"wp:term":[{"taxonomy":"category","embeddable":true,"href":"http:\/\/www.ordo-sancti-viti.hr\/index.php\/wp-json\/wp\/v2\/categories?post=169"},{"taxonomy":"post_tag","embeddable":true,"href":"http:\/\/www.ordo-sancti-viti.hr\/index.php\/wp-json\/wp\/v2\/tags?post=169"}],"curies":[{"name":"wp","href":"https:\/\/api.w.org\/{rel}","templated":true}]}}