{"id":1,"date":"2017-02-11T10:29:10","date_gmt":"2017-02-11T09:29:10","guid":{"rendered":"http:\/\/www.ordo-sancti-viti.hr\/?p=1"},"modified":"2017-03-08T14:18:39","modified_gmt":"2017-03-08T13:18:39","slug":"dan-svijete","status":"publish","type":"post","link":"http:\/\/www.ordo-sancti-viti.hr\/index.php\/2017\/02\/11\/dan-svijete\/","title":{"rendered":"Selja\u010dka buna: Bitka kod Stubice godine gospodnje 2017."},"content":{"rendered":"<p><a href=\"http:\/\/www.ordo-sancti-viti.hr\/wp-content\/uploads\/2017\/02\/201702_Buna_02.jpg\"><img loading=\"lazy\" decoding=\"async\" class=\"alignnone size-full wp-image-112\" src=\"http:\/\/www.ordo-sancti-viti.hr\/wp-content\/uploads\/2017\/02\/201702_Buna_02.jpg\" alt=\"\" width=\"960\" height=\"640\" srcset=\"http:\/\/www.ordo-sancti-viti.hr\/wp-content\/uploads\/2017\/02\/201702_Buna_02.jpg 960w, http:\/\/www.ordo-sancti-viti.hr\/wp-content\/uploads\/2017\/02\/201702_Buna_02-300x200.jpg 300w, http:\/\/www.ordo-sancti-viti.hr\/wp-content\/uploads\/2017\/02\/201702_Buna_02-768x512.jpg 768w\" sizes=\"auto, (max-width: 706px) 89vw, (max-width: 767px) 82vw, 740px\" \/><\/a><\/p>\n<p>Rije\u010dke snage seljaka i vitezova krenule su u avanturu vi\u0161ednevnog putovanja kroz snijegom okovanu Gorsku Hrvatsku kako bi se priklju\u010dili stotinama hrabrih seljaka u borbi za pravicu.\u00a0 Seljaci od davnina te\u0161ko \u017eive i naporno rade. Od njihova po\u0161tena rada podove ubire vlastela i crkvena vlast u obliku raznih nameta i poreza. Dugo su seljaci nezadovoljni situacijom pri\u010dali me\u0111u sobom i smi\u0161ljali odmazdu. Jednoga hladnog zimskog dana seoske glave\u0161ine odlu\u010dile su da to vi\u0161e nema smisla te su pozvali seljake iz svih krajeva pod vlastelinom Tahyem na pobunu. Seljaci su sastavili tu\u017ebu \u010diji je cilj bio udaljiti Tahyja s vlastelinstva i uvesti komorsku upravu. Komisija je saslu\u0161ala 508 svjedoka u istrazi protiv Tahyja te sastavila zapisnik duga\u010dak \u0161est i pol metara, no unato\u010d svemu nije se ni\u0161ta promijenilo.<br \/>\nTako je stigla i idu\u0107a zima, bila je iznimno hladna i duga\u2026Seljaci su se \u010desto nalazili po ku\u0107ama i kr\u010dmama i raspravljali o svojoj situaciji, sve dok jednoga dana Matija Gubec nije uzviknuo BUNA TRAJE! Cijela kr\u010dma utihnula je u \u010dasu, u njihovim srcima po\u010dela se nazirati nada, nada da \u0107e ih Gubec voditi u bolje sutra, odaslali su golubove po svim selima. Seljaci, iako gotovo goloruki\u00a0 okupljali su se u velikom broju, pridru\u017eio im se i dio vlastelinstva nezadovoljan Tahyjevom vladavinom. U prvih par dana napadali su na prepad i osvajali bitke protiv plemi\u0107a koji nisu voljeli ratovati po zimi. No Tahy je brzo djelovao, poslao je u Zagreb zahtjev za pomo\u0107 u zavr\u0161noj bitci.<br \/>\nDan je zapo\u010deo uz pahulje koje su lagano lepr\u0161ale poljanom u grobnoj ti\u0161ini prije bitke. Studen zimske zore uvukla se u srce svakom kmetu i vitezu. Do\u0161ao je dan bitke za novo i bolje sutra pokraj Majsecovog mlina. Seljaci su se borili hrabro i uporno, ali je vite\u0161ko znanje o bojevanju, bolja opremljenost uz pu\u0161ke i topove je prevagnulo i osiguralo Tahyju pobjedu. Kmetski vo\u0111e su za primjer obje\u0161eni za visoka stabla dok su im \u010disto bijele pahulje prekrivale krvava izmrcvarena tijela\u2026.<br \/>\nOnim seljacima koji su pre\u017eivjeli \u017eelimo plodnu godinu i vi\u0161e uspjeha u bitci dogodine, jer BUNA TRAJE!<br \/>\nZahvala na\u0161im doma\u0107inima udruzi Dru\u017eba vitezova zlatnog kale\u017ea i TZ Stubica na predivnim danima provedenima u pro\u0161losti!<\/p>\n<div id='gallery-1' class='gallery galleryid-1 gallery-columns-3 gallery-size-medium'><figure class='gallery-item'>\n\t\t\t<div class='gallery-icon landscape'>\n\t\t\t\t<a href='http:\/\/www.ordo-sancti-viti.hr\/wp-content\/uploads\/2017\/02\/201702_Buna_05.jpg'><img loading=\"lazy\" decoding=\"async\" width=\"300\" height=\"200\" src=\"http:\/\/www.ordo-sancti-viti.hr\/wp-content\/uploads\/2017\/02\/201702_Buna_05-300x200.jpg\" class=\"attachment-medium size-medium\" alt=\"\" srcset=\"http:\/\/www.ordo-sancti-viti.hr\/wp-content\/uploads\/2017\/02\/201702_Buna_05-300x200.jpg 300w, http:\/\/www.ordo-sancti-viti.hr\/wp-content\/uploads\/2017\/02\/201702_Buna_05-768x512.jpg 768w, http:\/\/www.ordo-sancti-viti.hr\/wp-content\/uploads\/2017\/02\/201702_Buna_05-1024x683.jpg 1024w, http:\/\/www.ordo-sancti-viti.hr\/wp-content\/uploads\/2017\/02\/201702_Buna_05.jpg 2048w\" sizes=\"auto, 100vw\" \/><\/a>\n\t\t\t<\/div><\/figure><figure class='gallery-item'>\n\t\t\t<div class='gallery-icon landscape'>\n\t\t\t\t<a href='http:\/\/www.ordo-sancti-viti.hr\/wp-content\/uploads\/2017\/02\/201702_Buna_04.jpg'><img loading=\"lazy\" decoding=\"async\" width=\"300\" height=\"200\" src=\"http:\/\/www.ordo-sancti-viti.hr\/wp-content\/uploads\/2017\/02\/201702_Buna_04-300x200.jpg\" class=\"attachment-medium size-medium\" alt=\"\" srcset=\"http:\/\/www.ordo-sancti-viti.hr\/wp-content\/uploads\/2017\/02\/201702_Buna_04-300x200.jpg 300w, http:\/\/www.ordo-sancti-viti.hr\/wp-content\/uploads\/2017\/02\/201702_Buna_04-768x512.jpg 768w, http:\/\/www.ordo-sancti-viti.hr\/wp-content\/uploads\/2017\/02\/201702_Buna_04-1024x683.jpg 1024w, http:\/\/www.ordo-sancti-viti.hr\/wp-content\/uploads\/2017\/02\/201702_Buna_04.jpg 2048w\" sizes=\"auto, 100vw\" \/><\/a>\n\t\t\t<\/div><\/figure><figure class='gallery-item'>\n\t\t\t<div class='gallery-icon landscape'>\n\t\t\t\t<a href='http:\/\/www.ordo-sancti-viti.hr\/wp-content\/uploads\/2017\/02\/201702_Buna_03.jpg'><img loading=\"lazy\" decoding=\"async\" width=\"300\" height=\"200\" src=\"http:\/\/www.ordo-sancti-viti.hr\/wp-content\/uploads\/2017\/02\/201702_Buna_03-300x200.jpg\" class=\"attachment-medium size-medium\" alt=\"\" srcset=\"http:\/\/www.ordo-sancti-viti.hr\/wp-content\/uploads\/2017\/02\/201702_Buna_03-300x200.jpg 300w, http:\/\/www.ordo-sancti-viti.hr\/wp-content\/uploads\/2017\/02\/201702_Buna_03-768x512.jpg 768w, http:\/\/www.ordo-sancti-viti.hr\/wp-content\/uploads\/2017\/02\/201702_Buna_03-1024x683.jpg 1024w, http:\/\/www.ordo-sancti-viti.hr\/wp-content\/uploads\/2017\/02\/201702_Buna_03.jpg 2048w\" sizes=\"auto, 100vw\" \/><\/a>\n\t\t\t<\/div><\/figure><figure class='gallery-item'>\n\t\t\t<div class='gallery-icon landscape'>\n\t\t\t\t<a href='http:\/\/www.ordo-sancti-viti.hr\/wp-content\/uploads\/2017\/02\/201702_Buna_01.jpg'><img loading=\"lazy\" decoding=\"async\" width=\"300\" height=\"200\" src=\"http:\/\/www.ordo-sancti-viti.hr\/wp-content\/uploads\/2017\/02\/201702_Buna_01-300x200.jpg\" class=\"attachment-medium size-medium\" alt=\"\" srcset=\"http:\/\/www.ordo-sancti-viti.hr\/wp-content\/uploads\/2017\/02\/201702_Buna_01-300x200.jpg 300w, http:\/\/www.ordo-sancti-viti.hr\/wp-content\/uploads\/2017\/02\/201702_Buna_01-768x512.jpg 768w, http:\/\/www.ordo-sancti-viti.hr\/wp-content\/uploads\/2017\/02\/201702_Buna_01.jpg 960w\" sizes=\"auto, 100vw\" \/><\/a>\n\t\t\t<\/div><\/figure><figure class='gallery-item'>\n\t\t\t<div class='gallery-icon landscape'>\n\t\t\t\t<a href='http:\/\/www.ordo-sancti-viti.hr\/wp-content\/uploads\/2017\/02\/201702_Buna_02.jpg'><img loading=\"lazy\" decoding=\"async\" width=\"300\" height=\"200\" src=\"http:\/\/www.ordo-sancti-viti.hr\/wp-content\/uploads\/2017\/02\/201702_Buna_02-300x200.jpg\" class=\"attachment-medium size-medium\" alt=\"\" srcset=\"http:\/\/www.ordo-sancti-viti.hr\/wp-content\/uploads\/2017\/02\/201702_Buna_02-300x200.jpg 300w, http:\/\/www.ordo-sancti-viti.hr\/wp-content\/uploads\/2017\/02\/201702_Buna_02-768x512.jpg 768w, http:\/\/www.ordo-sancti-viti.hr\/wp-content\/uploads\/2017\/02\/201702_Buna_02.jpg 960w\" sizes=\"auto, 100vw\" \/><\/a>\n\t\t\t<\/div><\/figure>\n\t\t<\/div>\n\n","protected":false},"excerpt":{"rendered":"<p>Rije\u010dke snage seljaka i vitezova krenule su u avanturu vi\u0161ednevnog putovanja kroz snijegom okovanu Gorsku Hrvatsku kako bi se priklju\u010dili stotinama hrabrih seljaka u borbi za pravicu.\u00a0 Seljaci od davnina te\u0161ko \u017eive i naporno rade. Od njihova po\u0161tena rada podove ubire vlastela i crkvena vlast u obliku raznih nameta i poreza. Dugo su seljaci nezadovoljni &hellip; <\/p>\n<p class=\"link-more\"><a href=\"http:\/\/www.ordo-sancti-viti.hr\/index.php\/2017\/02\/11\/dan-svijete\/\" class=\"more-link\">Nastavi \u010ditati<span class=\"screen-reader-text\"> &#8220;Selja\u010dka buna: Bitka kod Stubice godine gospodnje 2017.&#8221;<\/span><\/a><\/p>\n","protected":false},"author":1,"featured_media":0,"comment_status":"open","ping_status":"open","sticky":false,"template":"","format":"gallery","meta":{"footnotes":""},"categories":[7,4],"tags":[10,9,8,11],"class_list":["post-1","post","type-post","status-publish","format-gallery","hentry","category-galerija","category-objave","tag-10","tag-buna","tag-stubica","tag-veljaca","post_format-post-format-gallery"],"jetpack_featured_media_url":"","_links":{"self":[{"href":"http:\/\/www.ordo-sancti-viti.hr\/index.php\/wp-json\/wp\/v2\/posts\/1","targetHints":{"allow":["GET"]}}],"collection":[{"href":"http:\/\/www.ordo-sancti-viti.hr\/index.php\/wp-json\/wp\/v2\/posts"}],"about":[{"href":"http:\/\/www.ordo-sancti-viti.hr\/index.php\/wp-json\/wp\/v2\/types\/post"}],"author":[{"embeddable":true,"href":"http:\/\/www.ordo-sancti-viti.hr\/index.php\/wp-json\/wp\/v2\/users\/1"}],"replies":[{"embeddable":true,"href":"http:\/\/www.ordo-sancti-viti.hr\/index.php\/wp-json\/wp\/v2\/comments?post=1"}],"version-history":[{"count":7,"href":"http:\/\/www.ordo-sancti-viti.hr\/index.php\/wp-json\/wp\/v2\/posts\/1\/revisions"}],"predecessor-version":[{"id":164,"href":"http:\/\/www.ordo-sancti-viti.hr\/index.php\/wp-json\/wp\/v2\/posts\/1\/revisions\/164"}],"wp:attachment":[{"href":"http:\/\/www.ordo-sancti-viti.hr\/index.php\/wp-json\/wp\/v2\/media?parent=1"}],"wp:term":[{"taxonomy":"category","embeddable":true,"href":"http:\/\/www.ordo-sancti-viti.hr\/index.php\/wp-json\/wp\/v2\/categories?post=1"},{"taxonomy":"post_tag","embeddable":true,"href":"http:\/\/www.ordo-sancti-viti.hr\/index.php\/wp-json\/wp\/v2\/tags?post=1"}],"curies":[{"name":"wp","href":"https:\/\/api.w.org\/{rel}","templated":true}]}}